{"id":216,"date":"2026-08-16T12:02:13","date_gmt":"2026-08-16T12:02:13","guid":{"rendered":"https:\/\/haus-sommerlinde.de\/?p=216"},"modified":"2026-08-27T13:57:25","modified_gmt":"2026-08-27T13:57:25","slug":"sonnenfinsternis-ueber-foehr-spektakulaerer-abendhimmel-ueber-dunsum","status":"publish","type":"post","link":"https:\/\/haus-sommerlinde.de\/?p=216","title":{"rendered":"Sonnenfinsternis \u00fcber F\u00f6hr: Spektakul\u00e4rer Abendhimmel \u00fcber Dunsum"},"content":{"rendered":"\n<p class=\"wp-block-paragraph\">Am Mittwoch, dem 12. August 2026, wurde der Abendhimmel \u00fcber F\u00f6hr zu einer besonderen B\u00fchne: Eine partielle Sonnenfinsternis lie\u00df die Sonne \u00fcber der Nordsee zunehmend zu einer schmalen Sichel werden.<\/p>\n\n\n\n<figure class=\"wp-block-image size-large\"><img loading=\"lazy\" decoding=\"async\" width=\"1024\" height=\"692\" src=\"https:\/\/haus-sommerlinde.de\/wp-content\/uploads\/2026\/08\/jpg_DSC_4784-1024x692.jpg\" alt=\"\" class=\"wp-image-217\" srcset=\"https:\/\/haus-sommerlinde.de\/wp-content\/uploads\/2026\/08\/jpg_DSC_4784-1024x692.jpg 1024w, https:\/\/haus-sommerlinde.de\/wp-content\/uploads\/2026\/08\/jpg_DSC_4784-300x203.jpg 300w, https:\/\/haus-sommerlinde.de\/wp-content\/uploads\/2026\/08\/jpg_DSC_4784-768x519.jpg 768w, https:\/\/haus-sommerlinde.de\/wp-content\/uploads\/2026\/08\/jpg_DSC_4784-1536x1038.jpg 1536w, https:\/\/haus-sommerlinde.de\/wp-content\/uploads\/2026\/08\/jpg_DSC_4784-2048x1384.jpg 2048w\" sizes=\"auto, (max-width: 767px) 89vw, (max-width: 1000px) 54vw, (max-width: 1071px) 543px, 580px\" \/><\/figure>\n\n\n\n<p class=\"wp-block-paragraph\">Auch von Dunsum aus lie\u00df sich das Naturschauspiel eindrucksvoll beobachten. Der Deich bietet dort einen weiten, freien Blick \u00fcber das Wattenmeer und nach Westen \u2013 beste Voraussetzungen nicht nur f\u00fcr besondere Himmelsereignisse, sondern auch f\u00fcr stimmungsvolle Sonnenunterg\u00e4nge. So konnte die Finsternis kurz vor dem Sonnenuntergang \u00fcber dem Horizont beobachtet werden.<\/p>\n\n\n\n<p class=\"wp-block-paragraph\">Auf F\u00f6hr begann die partielle Sonnenfinsternis gegen <strong>19:12 Uhr<\/strong>. Ihren H\u00f6hepunkt erreichte sie in Wyk auf F\u00f6hr um <strong>20:06 Uhr<\/strong>. Zu diesem Zeitpunkt waren knapp <strong>88 Prozent der Sonnenscheibe vom Mond bedeckt<\/strong>. Anschlie\u00dfend nahm die Bedeckung langsam wieder ab, bevor die Sonne gegen <strong>21 Uhr<\/strong> unterging.<\/p>\n\n\n\n<figure class=\"wp-block-image size-large\"><img loading=\"lazy\" decoding=\"async\" width=\"1024\" height=\"683\" src=\"https:\/\/haus-sommerlinde.de\/wp-content\/uploads\/2026\/08\/jpg_DSC_4818-1024x683.jpg\" alt=\"\" class=\"wp-image-218\" srcset=\"https:\/\/haus-sommerlinde.de\/wp-content\/uploads\/2026\/08\/jpg_DSC_4818-1024x683.jpg 1024w, https:\/\/haus-sommerlinde.de\/wp-content\/uploads\/2026\/08\/jpg_DSC_4818-300x200.jpg 300w, https:\/\/haus-sommerlinde.de\/wp-content\/uploads\/2026\/08\/jpg_DSC_4818-768x512.jpg 768w, https:\/\/haus-sommerlinde.de\/wp-content\/uploads\/2026\/08\/jpg_DSC_4818-1536x1024.jpg 1536w, https:\/\/haus-sommerlinde.de\/wp-content\/uploads\/2026\/08\/jpg_DSC_4818-2048x1365.jpg 2048w\" sizes=\"auto, (max-width: 767px) 89vw, (max-width: 1000px) 54vw, (max-width: 1071px) 543px, 580px\" \/><\/figure>\n\n\n\n<h3 class=\"wp-block-heading\">Von Oevenum nach Dunsum \u2013 ein sch\u00f6ner Ausflug<\/h3>\n\n\n\n<p class=\"wp-block-paragraph\">Dunsum liegt vom Ferienhaus Sommerlinde in Oevenum nur rund <strong>9 Kilometer<\/strong> entfernt und ist damit schnell zu erreichen. Mit dem Fahrrad dauert die Fahrt je nach Tempo etwa <strong>30 bis 35 Minuten<\/strong>, mit dem Auto sind es ungef\u00e4hr <strong>15 Minuten<\/strong>.<\/p>\n\n\n\n<p class=\"wp-block-paragraph\">Gerade mit dem Fahrrad lohnt sich der Weg: Die Strecke f\u00fchrt durch die typische, flache F\u00f6hrer Landschaft und macht Dunsum zu einem sch\u00f6nen Ziel f\u00fcr einen kleinen Ausflug am Abend. Am Deich angekommen, wartet ein weiter Blick \u00fcber das Wattenmeer in Richtung Sylt und Amrum.<\/p>\n\n\n\n<figure class=\"wp-block-image size-large\"><img loading=\"lazy\" decoding=\"async\" width=\"1024\" height=\"683\" src=\"https:\/\/haus-sommerlinde.de\/wp-content\/uploads\/2026\/08\/DSC_4800-1024x683.jpg\" alt=\"\" class=\"wp-image-227\" srcset=\"https:\/\/haus-sommerlinde.de\/wp-content\/uploads\/2026\/08\/DSC_4800-1024x683.jpg 1024w, https:\/\/haus-sommerlinde.de\/wp-content\/uploads\/2026\/08\/DSC_4800-300x200.jpg 300w, https:\/\/haus-sommerlinde.de\/wp-content\/uploads\/2026\/08\/DSC_4800-768x512.jpg 768w, https:\/\/haus-sommerlinde.de\/wp-content\/uploads\/2026\/08\/DSC_4800-1536x1024.jpg 1536w, https:\/\/haus-sommerlinde.de\/wp-content\/uploads\/2026\/08\/DSC_4800-2048x1365.jpg 2048w\" sizes=\"auto, (max-width: 767px) 89vw, (max-width: 1000px) 54vw, (max-width: 1071px) 543px, 580px\" \/><\/figure>\n\n\n\n<h3 class=\"wp-block-heading\">Schon im n\u00e4chsten Sommer wieder eine Sonnenfinsternis<\/h3>\n\n\n\n<p class=\"wp-block-paragraph\">Wer dieses Schauspiel auf F\u00f6hr verpasst hat, muss nicht lange auf die n\u00e4chste Gelegenheit warten. Bereits am <strong>2. August 2027<\/strong> findet die n\u00e4chste Sonnenfinsternis statt, die auch von Deutschland aus partiell zu sehen sein wird.<\/p>\n\n\n\n<p class=\"wp-block-paragraph\">Damit bleibt Dunsum ein lohnender Tipp f\u00fcr alle, die auf F\u00f6hr besondere Abendstimmungen erleben m\u00f6chten: Mit freiem Blick \u00fcber die Nordsee bietet der Deich ideale Bedingungen, um den Sonnenuntergang zu genie\u00dfen \u2013 und mit etwas Gl\u00fcck auch das n\u00e4chste astronomische Highlight am Himmel zu beobachten.<\/p>\n","protected":false},"excerpt":{"rendered":"<p>Am Mittwoch, dem 12. August 2026, wurde der Abendhimmel \u00fcber F\u00f6hr zu einer besonderen B\u00fchne: Eine partielle Sonnenfinsternis lie\u00df die Sonne \u00fcber der Nordsee zunehmend zu einer schmalen Sichel werden. Auch von Dunsum aus lie\u00df sich das Naturschauspiel eindrucksvoll beobachten. Der Deich bietet dort einen weiten, freien Blick \u00fcber das Wattenmeer und nach Westen \u2013 &hellip; <\/p>\n<p class=\"link-more\"><a href=\"https:\/\/haus-sommerlinde.de\/?p=216\" class=\"more-link\"><span class=\"screen-reader-text\">\u201eSonnenfinsternis \u00fcber F\u00f6hr: Spektakul\u00e4rer Abendhimmel \u00fcber Dunsum\u201c <\/span>weiterlesen<\/a><\/p>\n","protected":false},"author":1,"featured_media":0,"comment_status":"closed","ping_status":"open","sticky":false,"template":"","format":"standard","meta":{"footnotes":""},"categories":[1],"tags":[],"class_list":["post-216","post","type-post","status-publish","format-standard","hentry","category-uncategorized"],"_links":{"self":[{"href":"https:\/\/haus-sommerlinde.de\/index.php?rest_route=\/wp\/v2\/posts\/216","targetHints":{"allow":["GET"]}}],"collection":[{"href":"https:\/\/haus-sommerlinde.de\/index.php?rest_route=\/wp\/v2\/posts"}],"about":[{"href":"https:\/\/haus-sommerlinde.de\/index.php?rest_route=\/wp\/v2\/types\/post"}],"author":[{"embeddable":true,"href":"https:\/\/haus-sommerlinde.de\/index.php?rest_route=\/wp\/v2\/users\/1"}],"replies":[{"embeddable":true,"href":"https:\/\/haus-sommerlinde.de\/index.php?rest_route=%2Fwp%2Fv2%2Fcomments&post=216"}],"version-history":[{"count":3,"href":"https:\/\/haus-sommerlinde.de\/index.php?rest_route=\/wp\/v2\/posts\/216\/revisions"}],"predecessor-version":[{"id":228,"href":"https:\/\/haus-sommerlinde.de\/index.php?rest_route=\/wp\/v2\/posts\/216\/revisions\/228"}],"wp:attachment":[{"href":"https:\/\/haus-sommerlinde.de\/index.php?rest_route=%2Fwp%2Fv2%2Fmedia&parent=216"}],"wp:term":[{"taxonomy":"category","embeddable":true,"href":"https:\/\/haus-sommerlinde.de\/index.php?rest_route=%2Fwp%2Fv2%2Fcategories&post=216"},{"taxonomy":"post_tag","embeddable":true,"href":"https:\/\/haus-sommerlinde.de\/index.php?rest_route=%2Fwp%2Fv2%2Ftags&post=216"}],"curies":[{"name":"wp","href":"https:\/\/api.w.org\/{rel}","templated":true}]}}